{"id":4700,"date":"2024-07-29T12:23:03","date_gmt":"2024-07-29T12:23:03","guid":{"rendered":"https:\/\/ehiabarcelona.es\/?p=4700"},"modified":"2024-07-30T08:21:47","modified_gmt":"2024-07-30T08:21:47","slug":"energia-kundalini-despertant-el-poder-interior","status":"publish","type":"post","link":"https:\/\/ehiabarcelona.es\/ca\/energia-kundalini-despertant-el-poder-interior\/","title":{"rendered":"Energia Kundalini: despertant el poder interior"},"content":{"rendered":"<p><span style=\"font-weight: 400;\">L&#8217;energia <\/span><b>Kundalini<\/b><span style=\"font-weight: 400;\"> \u00e9s una for\u00e7a transformadora que resideix en l&#8217;interior de cadascun de nosaltres, com una serp dormida enroscada a la base de la columna vertebral. Despertar-la \u00e9s emprendre un viatge d&#8217;autodescobriment, un cam\u00ed que ens porta a reconnectar amb la nostra ess\u00e8ncia i assolir un estat de benestar f\u00edsic, emocional i espiritual sense precedents.<\/span><\/p>\n<p><span style=\"font-weight: 400;\">Aquesta energia et conduir\u00e0 a una connexi\u00f3 interna molt profunda que millorar\u00e0 el teu benestar f\u00edsic i emocional. Per aconseguir-ho, des de <\/span><a href=\"https:\/\/ehiabarcelona.es\/ca\/classes\/kundalini-ioga\/\"><span style=\"font-weight: 400;\">Ehi\u00e4<\/span><\/a><span style=\"font-weight: 400;\">, t&#8217;expliquem qu\u00e8 has de fer per despertar-la i desvelem tots els seus avantatges.<\/span><\/p>\n<p>&nbsp;<\/p>\n<h2><b>Qu\u00e8 \u00e9s l&#8217;energia Kundalini?<\/b><\/h2>\n<p><span style=\"font-weight: 400;\">Imagina una serp dormida enroscada a la base de la teva columna vertebral. Aquesta \u00e9s la imatge que s&#8217;utilitza per representar la <\/span><b>Kundalini<\/b><span style=\"font-weight: 400;\">, una energia vital i transformadora que resideix en l&#8217;interior de cadascun de nosaltres.<\/span><\/p>\n<p><span style=\"font-weight: 400;\">A la cultura hind\u00fa, la paraula &#8220;Kundalini&#8221; prov\u00e9 de &#8220;kundal&#8221;, que significa &#8220;enroscada&#8221; o &#8220;enroscant-se&#8221;. I \u00e9s que aquesta energia es representa com una serp dormida, llesta per despertar i alliberar el seu poder.<\/span><\/p>\n<p><span style=\"font-weight: 400;\">Per qu\u00e8 una serp? Aquest r\u00e8ptil simbolitza moltes coses: el potencial ocult, la for\u00e7a vital latent, la transformaci\u00f3 i el renaixement. El despertar de la Kundalini i el seu ascens per la columna vertebral, passant pels chakres, es considera un cam\u00ed cap a la realitzaci\u00f3 espiritual i l&#8217;autodescobriment.<\/span><\/p>\n<p><span style=\"font-weight: 400;\">\u00c9s com si la serp Kundalini, en despertar, desplegu\u00e9s els seus anells i alliber\u00e9s el seu poder transformador, recorrent el nostre cos i despertant la nostra consci\u00e8ncia.<\/span><\/p>\n<p><span style=\"font-weight: 400;\">En definitiva, l&#8217;energia <\/span><b>Kundalini<\/b><span style=\"font-weight: 400;\"> \u00e9s aquesta for\u00e7a interna que ens impulsa a cr\u00e9ixer, a crear i a connectar amb la nostra ess\u00e8ncia m\u00e9s profunda. \u00c9s la font del nostre poder creatiu i dels nostres dons espirituals.<\/span><\/p>\n<p>&nbsp;<\/p>\n<h2><b>Com despertar l&#8217;energia Kundalini?<\/b><\/h2>\n<p><span style=\"font-weight: 400;\">Despertar l&#8217;energia Kundalini \u00e9s un proc\u00e9s delicat i profund que s&#8217;ha d&#8217;abordar amb cura i respecte. Per\u00f2, existeix alguna pr\u00e0ctica espec\u00edfica per aconseguir-ho? A trav\u00e9s del Kundalini yoga, s&#8217;empren un conjunt de diferents t\u00e8cniques que inclouen postures f\u00edsiques, exercicis de respiraci\u00f3 (pranayama), meditaci\u00f3 i mantres per despertar aquesta energia.<\/span><\/p>\n<p><span style=\"font-weight: 400;\">Aix\u00ed mateix, el prop\u00f2sit d&#8217;aquesta pr\u00e0ctica de ioga \u00e9s canalitzar l&#8217;energia Kundalini de manera que fomenti la salut f\u00edsica, la claredat mental i una connexi\u00f3 espiritual profunda. Aquest enfocament hol\u00edstic reconeix no nom\u00e9s la import\u00e0ncia de l&#8217;energia Kundalini en el benestar individual, sin\u00f3 que tamb\u00e9 honra la seva naturalesa essencialment espiritual i transformadora. Per despertar aquesta energia, \u00e9s crucial seguir les seg\u00fcents pautes:<\/span><\/p>\n<p>&nbsp;<\/p>\n<h3><b>Preparaci\u00f3 f\u00edsica i mental<\/b><\/h3>\n<p><span style=\"font-weight: 400;\">Sent un proc\u00e9s delicat, \u00e9s imprescindible preparar el teu cos i la teva ment amb algunes de les seg\u00fcents pr\u00e0ctiques:<\/span><\/p>\n<p>&nbsp;<\/p>\n<h4><b>Pr\u00e0ctiques de ioga<\/b><\/h4>\n<p><span style=\"font-weight: 400;\">Encara que existeixen diferents tipus de ioga, el fonamental per fer-ho en aquesta situaci\u00f3 \u00e9s l&#8217;hatha yoga, en espec\u00edfic el Kundalini yoga. Les asanas (postures f\u00edsiques) enforteixen el cos i preparen el sistema nervi\u00f3s per manejar l&#8217;energia Kundalini.<\/span><\/p>\n<h4><b>Respiraci\u00f3 conscient<\/b><\/h4>\n<p><span style=\"font-weight: 400;\">Les t\u00e8cniques de pranayama (exercicis de respiraci\u00f3) conscient juguen un paper clau en la preparaci\u00f3, ja que purifiquen i controlen el flux d&#8217;energia dins del cos.<\/span><\/p>\n<h4><b>Meditaci\u00f3<\/b><\/h4>\n<p><span style=\"font-weight: 400;\">Un altre m\u00e8tode important \u00e9s desenvolupar una pr\u00e0ctica regular de meditaci\u00f3 per calmar la ment i preparar-la per a experi\u00e8ncies m\u00e9s profundes i subtils.<\/span><\/p>\n<p>&nbsp;<\/p>\n<h3><b>Guia d&#8217;un mestre experimentat<\/b><\/h3>\n<p><span style=\"font-weight: 400;\">El cam\u00ed cap al despertar de la Kundalini pot ser un viatge apassionant i transformador, per\u00f2 tamb\u00e9 desafiant. En aquest sender, la guia d&#8217;un mestre experimentat pot ser invaluable per acompanyar-te, orientar-te i ajudar-te a navegar per les diferents etapes del proc\u00e9s.<\/span><\/p>\n<p>&nbsp;<\/p>\n<h3><b>Intenci\u00f3 clara i preparaci\u00f3 espiritual<\/b><\/h3>\n<p><span style=\"font-weight: 400;\">\u00c9s molt important establir una intenci\u00f3 clara i positiva per a la teva pr\u00e0ctica de despertar de la Kundalini. Aix\u00f2 significa cultivar una actitud d&#8217;obertura, humilitat i respecte cap al proc\u00e9s i cap a tu mateix.<\/span><\/p>\n<h4><span style=\"font-weight: 400;\">Com establir-la?<\/span><\/h4>\n<p><span style=\"font-weight: 400;\">Per establir una intenci\u00f3 clara, reflexiona sobre les seg\u00fcents preguntes:<\/span><\/p>\n<ul>\n<li style=\"font-weight: 400;\" aria-level=\"1\"><b>Qu\u00e8 em motiva a despertar la Kundalini?<\/b><\/li>\n<li style=\"font-weight: 400;\" aria-level=\"1\"><b>Qu\u00e8 espero aconseguir amb aquesta pr\u00e0ctica?<\/b><\/li>\n<li style=\"font-weight: 400;\" aria-level=\"1\"><b>Quins canvis vull experimentar a la meva vida?<\/b><\/li>\n<li style=\"font-weight: 400;\" aria-level=\"1\"><b>Com em beneficia aquesta pr\u00e0ctica en el meu desenvolupament personal i espiritual?<\/b><\/li>\n<\/ul>\n<h3><b>Observaci\u00f3 i acceptaci\u00f3 dels canvis<\/b><\/h3>\n<p><span style=\"font-weight: 400;\">El proc\u00e9s de despertar de l&#8217;energia Kundalini pot suposar que experimentis una varietat de sensacions f\u00edsiques, emocionals i espirituals intenses. Per permetre que l&#8217;energia flueixi de manera natural sense resist\u00e8ncia, mantingues una actitud d&#8217;observaci\u00f3 i acceptaci\u00f3 cap a aquests canvis.<\/span><\/p>\n<h3><b>Cura i equilibri<\/b><\/h3>\n<p><span style=\"font-weight: 400;\">Mantenir un equilibri entre la intensitat de la pr\u00e0ctica i la cura del teu benestar f\u00edsic, emocional i mental pot ser un desafiament considerable. No obstant aix\u00f2, \u00e9s crucial aconseguir-ho durant aquest proc\u00e9s. Per a aix\u00f2, \u00e9s fonamental escoltar el teu cos i ajustar la pr\u00e0ctica segons sigui necessari per mantenir un flux saludable d&#8217;energia.<\/span><\/p>\n<h3><b>Integraci\u00f3 i proc\u00e9s continu<\/b><\/h3>\n<p><span style=\"font-weight: 400;\">Aquest \u00e9s un proc\u00e9s continu i pot requerir temps i dedicaci\u00f3. A mesura que l&#8217;energia s&#8217;activa i ascendeix, permet que les experi\u00e8ncies s&#8217;integrin en la teva vida di\u00e0ria i en el teu desenvolupament espiritual global.<\/span><\/p>\n<p>&nbsp;<\/p>\n<h2><b>Beneficis del despertar de la Kundalini<\/b><\/h2>\n<p><span style=\"font-weight: 400;\">El despertar de la <\/span><b>Kundalini<\/b><span style=\"font-weight: 400;\"> \u00e9s un proc\u00e9s que pot portar amb si una gran quantitat de beneficis, tant f\u00edsics com emocionals i espirituals. Alguns dels m\u00e9s comuns s\u00f3n:<\/span><\/p>\n<p><b>F\u00edsics:<\/b><\/p>\n<ul>\n<li style=\"font-weight: 400;\" aria-level=\"1\"><b>Major vitalitat i energia:<\/b><span style=\"font-weight: 400;\"> La Kundalini desperta una font d&#8217;energia interna que pot millorar significativament la teva vitalitat i disposici\u00f3 f\u00edsica.<\/span><\/li>\n<li style=\"font-weight: 400;\" aria-level=\"1\"><b>Millora del sistema immunol\u00f2gic:<\/b><span style=\"font-weight: 400;\"> L&#8217;energia Kundalini pot enfortir el teu sistema immunol\u00f2gic, fent-te m\u00e9s resistent a les malalties.<\/span><\/li>\n<li style=\"font-weight: 400;\" aria-level=\"1\"><b>Alleujament del dolor:<\/b><span style=\"font-weight: 400;\"> La Kundalini pot ajudar a alleujar el dolor cr\u00f2nic i la tensi\u00f3 muscular.<\/span><\/li>\n<li style=\"font-weight: 400;\" aria-level=\"1\"><b>Millora de la salut digestiva:<\/b><span style=\"font-weight: 400;\"> La Kundalini pot millorar la digesti\u00f3 i l&#8217;absorci\u00f3 de nutrients.<\/span><\/li>\n<li style=\"font-weight: 400;\" aria-level=\"1\"><b>Equilibri hormonal:<\/b><span style=\"font-weight: 400;\"> La Kundalini pot ajudar a equilibrar les hormones, millorant la salut en general.<\/span><\/li>\n<\/ul>\n<p><b>Emocionals i mentals:<\/b><\/p>\n<ul>\n<li style=\"font-weight: 400;\" aria-level=\"1\"><b>Claredat mental i emocional:<\/b><span style=\"font-weight: 400;\"> L&#8217;energia Kundalini pot ajudar-te a dissipar la boira mental, millorar la concentraci\u00f3 i potenciar la claredat emocional.<\/span><\/li>\n<li style=\"font-weight: 400;\" aria-level=\"1\"><b>Reducci\u00f3 de l&#8217;estr\u00e8s i l&#8217;ansietat:<\/b><span style=\"font-weight: 400;\"> La Kundalini pot ajudar-te a reduir l&#8217;estr\u00e8s, l&#8217;ansietat i la depressi\u00f3.<\/span><\/li>\n<li style=\"font-weight: 400;\" aria-level=\"1\"><b>Major pau interior:<\/b><span style=\"font-weight: 400;\"> La Kundalini pot ajudar-te a assolir un estat de major pau interior i serenitat.<\/span><\/li>\n<li style=\"font-weight: 400;\" aria-level=\"1\"><b>Millora de l&#8217;autoestima:<\/b><span style=\"font-weight: 400;\"> La Kundalini pot ajudar-te a millorar l&#8217;autoestima i la confian\u00e7a en tu mateix.<\/span><\/li>\n<li style=\"font-weight: 400;\" aria-level=\"1\"><b>Creativitat potenciada:<\/b><span style=\"font-weight: 400;\"> La Kundalini pot obrir els canals de la creativitat, inspirant-te a expressar-te de noves i emocionants maneres.<\/span><\/li>\n<\/ul>\n<p><b>Espirituals:<\/b><\/p>\n<ul>\n<li style=\"font-weight: 400;\" aria-level=\"1\"><b>Profunda connexi\u00f3 espiritual:<\/b><span style=\"font-weight: 400;\"> El despertar de la Kundalini pot conduir a una connexi\u00f3 m\u00e9s profunda amb el teu \u00e9sser interior i amb la font d&#8217;energia universal.<\/span><\/li>\n<li style=\"font-weight: 400;\" aria-level=\"1\"><b>Expansi\u00f3 de la consci\u00e8ncia:<\/b><span style=\"font-weight: 400;\"> La Kundalini pot ajudar-te a expandir la teva consci\u00e8ncia i a veure el m\u00f3n des d&#8217;una perspectiva m\u00e9s \u00e0mplia.<\/span><\/li>\n<li style=\"font-weight: 400;\" aria-level=\"1\"><b>Experi\u00e8ncies m\u00edstiques:<\/b><span style=\"font-weight: 400;\"> Algunes persones que desperten la Kundalini experimenten visions, somnis l\u00facids i altres experi\u00e8ncies m\u00edstiques.<\/span><\/li>\n<li style=\"font-weight: 400;\" aria-level=\"1\"><b>Creixement personal accelerat:<\/b><span style=\"font-weight: 400;\"> La Kundalini pot accelerar el teu creixement personal i espiritual, portant-te a un estat de major realitzaci\u00f3.<\/span><\/li>\n<\/ul>\n<p>&nbsp;<\/p>\n<h3><b>Alguns desafiaments a tenir en compte<\/b><\/h3>\n<p><span style=\"font-weight: 400;\">Malgrat els seus molts beneficis, el despertar de la Kundalini pot presentar alguns desafiaments que varien de practicant en practicant i que requereixen de la teva plena atenci\u00f3:<\/span><\/p>\n<h4><b>Malestar f\u00edsic o emocional temporal<\/b><\/h4>\n<p><span style=\"font-weight: 400;\">Moltes persones reporten sensacions f\u00edsiques intenses com calor, vibracions, formigueig o pressi\u00f3, aix\u00ed com emocions profundes i antigues que requereixen ser reconegudes i alliberades. No obstant aix\u00f2, aix\u00f2 s&#8217;ha d&#8217;observar com un proc\u00e9s natural del cos en ajustar-se a les noves energies.<\/span><\/p>\n<h4><b>Desafiaments psicol\u00f2gics<\/b><\/h4>\n<p><span style=\"font-weight: 400;\">Canvis en l&#8217;estat d&#8217;\u00e0nim, crisis d&#8217;identitat o confrontaci\u00f3 amb aspectes no resolts del passat s\u00f3n reptes que els practicants poden enfrontar. No obstant aix\u00f2, cal destacar que aquests desafiaments s&#8217;han d&#8217;abordar amb el suport adequat i mantenir una pr\u00e0ctica espiritual equilibrada per facilitar un proc\u00e9s d&#8217;integraci\u00f3 i creixement personal m\u00e9s harmoni\u00f3s.<\/span><\/p>\n<h4><b>Necessitat de guia i suport<\/b><\/h4>\n<p><span style=\"font-weight: 400;\">Una vegada m\u00e9s, \u00e9s crucial subratllar la import\u00e0ncia de comptar amb l&#8217;orientaci\u00f3 d&#8217;un mestre experimentat en Kundalini ioga o pr\u00e0ctiques espirituals afins. Per qu\u00e8? Perqu\u00e8 aquesta persona \u00e9s qui facilita la m\u00e0gia. Ens guiar\u00e0 amb passi\u00f3 i responsabilitat a trav\u00e9s dels diversos desafiaments que puguin sorgir.<\/span><\/p>\n<p>&nbsp;<\/p>\n<h2><b>Un viatge de trobada<\/b><\/h2>\n<p><span style=\"font-weight: 400;\">L&#8217;energia Kundalini es converteix aix\u00ed en una poderosa for\u00e7a per impulsar el teu creixement personal i espiritual. A trav\u00e9s del seu despertar i ascens pels chakres, estar\u00e0s elevant la teva consci\u00e8ncia i enfortint la connexi\u00f3 amb tu mateix.<\/span><\/p>\n<p><span style=\"font-weight: 400;\">El nostre comprom\u00eds amb el teu desenvolupament espiritual i benestar ens porta a oferir-te, des d&#8217;Ehi\u00e4, una guia experta i recursos per a la teva pr\u00e0ctica espiritual. Convertirem l&#8217;amor propi en la teva pr\u00e0ctica di\u00e0ria. <\/span><a href=\"https:\/\/ehiabarcelona.es\/ca\/contacte\/\"><span style=\"font-weight: 400;\">Contacta<\/span><\/a><span style=\"font-weight: 400;\"> amb nosaltres per con\u00e8ixer les ter\u00e0pies que oferim i el nostre estudi.<\/span><\/p>\n","protected":false},"excerpt":{"rendered":"<p>Desperta la poderosa energia Kundalini i transforma la teva vida. Descobreix els seus beneficis, desafiaments i com activar-la a trav\u00e9s de la meditaci\u00f3 i el ioga.<\/p>\n","protected":false},"author":1,"featured_media":4710,"comment_status":"open","ping_status":"open","sticky":false,"template":"","format":"standard","meta":{"_acf_changed":false,"_mo_disable_npp":"","footnotes":""},"categories":[67],"tags":[],"class_list":["post-4700","post","type-post","status-publish","format-standard","has-post-thumbnail","hentry","category-ioga"],"acf":[],"yoast_head":"<!-- This site is optimized with the Yoast SEO plugin v24.6 - https:\/\/yoast.com\/wordpress\/plugins\/seo\/ -->\n<title>Energia Kundalini: despertant el poder interior - Ehi\u00e4 yoga y espacios<\/title>\n<meta name=\"description\" content=\"Descobreix la poderosa energia Kundalini, els seus beneficis, desafiaments i com pots fer per despertar-la en la teva pr\u00e0ctica espiritual amb la meditaci\u00f3 i el ioga.\" \/>\n<meta name=\"robots\" content=\"index, follow, max-snippet:-1, max-image-preview:large, max-video-preview:-1\" \/>\n<link rel=\"canonical\" href=\"https:\/\/ehiabarcelona.es\/ca\/energia-kundalini-despertant-el-poder-interior\/\" \/>\n<meta property=\"og:locale\" content=\"ca_ES\" \/>\n<meta property=\"og:type\" content=\"article\" \/>\n<meta property=\"og:title\" content=\"Energia Kundalini: despertant el poder interior - Ehi\u00e4 yoga y espacios\" \/>\n<meta property=\"og:description\" content=\"Descobreix la poderosa energia Kundalini, els seus beneficis, desafiaments i com pots fer per despertar-la en la teva pr\u00e0ctica espiritual amb la meditaci\u00f3 i el ioga.\" \/>\n<meta property=\"og:url\" content=\"https:\/\/ehiabarcelona.es\/ca\/energia-kundalini-despertant-el-poder-interior\/\" \/>\n<meta property=\"og:site_name\" content=\"Ehi\u00e4 yoga y espacios\" \/>\n<meta property=\"article:published_time\" content=\"2024-07-29T12:23:03+00:00\" \/>\n<meta property=\"article:modified_time\" content=\"2024-07-30T08:21:47+00:00\" \/>\n<meta property=\"og:image\" content=\"https:\/\/ehiabarcelona.es\/wp-content\/uploads\/2024\/07\/woman-5380651_1920.jpg\" \/>\n\t<meta property=\"og:image:width\" content=\"1920\" \/>\n\t<meta property=\"og:image:height\" content=\"1280\" \/>\n\t<meta property=\"og:image:type\" content=\"image\/jpeg\" \/>\n<meta name=\"author\" content=\"ehiadmin\" \/>\n<meta name=\"twitter:card\" content=\"summary_large_image\" \/>\n<meta name=\"twitter:label1\" content=\"Escrit per\" \/>\n\t<meta name=\"twitter:data1\" content=\"ehiadmin\" \/>\n\t<meta name=\"twitter:label2\" content=\"Temps estimat de lectura\" \/>\n\t<meta name=\"twitter:data2\" content=\"7 minuts\" \/>\n<script type=\"application\/ld+json\" class=\"yoast-schema-graph\">{\"@context\":\"https:\/\/schema.org\",\"@graph\":[{\"@type\":\"Article\",\"@id\":\"https:\/\/ehiabarcelona.es\/ca\/energia-kundalini-despertant-el-poder-interior\/#article\",\"isPartOf\":{\"@id\":\"https:\/\/ehiabarcelona.es\/ca\/energia-kundalini-despertant-el-poder-interior\/\"},\"author\":{\"name\":\"ehiadmin\",\"@id\":\"https:\/\/ehiabarcelona.es\/ca\/#\/schema\/person\/d639a81e5336e6b882ab77865c98125e\"},\"headline\":\"Energia Kundalini: despertant el poder interior\",\"datePublished\":\"2024-07-29T12:23:03+00:00\",\"dateModified\":\"2024-07-30T08:21:47+00:00\",\"mainEntityOfPage\":{\"@id\":\"https:\/\/ehiabarcelona.es\/ca\/energia-kundalini-despertant-el-poder-interior\/\"},\"wordCount\":1531,\"commentCount\":0,\"publisher\":{\"@id\":\"https:\/\/ehiabarcelona.es\/ca\/#organization\"},\"image\":{\"@id\":\"https:\/\/ehiabarcelona.es\/ca\/energia-kundalini-despertant-el-poder-interior\/#primaryimage\"},\"thumbnailUrl\":\"https:\/\/ehiabarcelona.es\/wp-content\/uploads\/2024\/07\/woman-5380651_1920.jpg\",\"articleSection\":[\"Ioga\"],\"inLanguage\":\"ca\",\"potentialAction\":[{\"@type\":\"CommentAction\",\"name\":\"Comment\",\"target\":[\"https:\/\/ehiabarcelona.es\/ca\/energia-kundalini-despertant-el-poder-interior\/#respond\"]}]},{\"@type\":\"WebPage\",\"@id\":\"https:\/\/ehiabarcelona.es\/ca\/energia-kundalini-despertant-el-poder-interior\/\",\"url\":\"https:\/\/ehiabarcelona.es\/ca\/energia-kundalini-despertant-el-poder-interior\/\",\"name\":\"Energia Kundalini: despertant el poder interior - Ehi\u00e4 yoga y espacios\",\"isPartOf\":{\"@id\":\"https:\/\/ehiabarcelona.es\/ca\/#website\"},\"primaryImageOfPage\":{\"@id\":\"https:\/\/ehiabarcelona.es\/ca\/energia-kundalini-despertant-el-poder-interior\/#primaryimage\"},\"image\":{\"@id\":\"https:\/\/ehiabarcelona.es\/ca\/energia-kundalini-despertant-el-poder-interior\/#primaryimage\"},\"thumbnailUrl\":\"https:\/\/ehiabarcelona.es\/wp-content\/uploads\/2024\/07\/woman-5380651_1920.jpg\",\"datePublished\":\"2024-07-29T12:23:03+00:00\",\"dateModified\":\"2024-07-30T08:21:47+00:00\",\"description\":\"Descobreix la poderosa energia Kundalini, els seus beneficis, desafiaments i com pots fer per despertar-la en la teva pr\u00e0ctica espiritual amb la meditaci\u00f3 i el ioga.\",\"breadcrumb\":{\"@id\":\"https:\/\/ehiabarcelona.es\/ca\/energia-kundalini-despertant-el-poder-interior\/#breadcrumb\"},\"inLanguage\":\"ca\",\"potentialAction\":[{\"@type\":\"ReadAction\",\"target\":[\"https:\/\/ehiabarcelona.es\/ca\/energia-kundalini-despertant-el-poder-interior\/\"]}]},{\"@type\":\"ImageObject\",\"inLanguage\":\"ca\",\"@id\":\"https:\/\/ehiabarcelona.es\/ca\/energia-kundalini-despertant-el-poder-interior\/#primaryimage\",\"url\":\"https:\/\/ehiabarcelona.es\/wp-content\/uploads\/2024\/07\/woman-5380651_1920.jpg\",\"contentUrl\":\"https:\/\/ehiabarcelona.es\/wp-content\/uploads\/2024\/07\/woman-5380651_1920.jpg\",\"width\":1920,\"height\":1280,\"caption\":\"energ\u00eda kundalini\"},{\"@type\":\"BreadcrumbList\",\"@id\":\"https:\/\/ehiabarcelona.es\/ca\/energia-kundalini-despertant-el-poder-interior\/#breadcrumb\",\"itemListElement\":[{\"@type\":\"ListItem\",\"position\":1,\"name\":\"Ehia\",\"item\":\"https:\/\/ehiabarcelona.es\/ca\/\"},{\"@type\":\"ListItem\",\"position\":2,\"name\":\"Ioga\",\"item\":\"https:\/\/ehiabarcelona.es\/ca\/categoria\/ioga\/\"},{\"@type\":\"ListItem\",\"position\":3,\"name\":\"Energia Kundalini: despertant el poder interior\"}]},{\"@type\":\"WebSite\",\"@id\":\"https:\/\/ehiabarcelona.es\/ca\/#website\",\"url\":\"https:\/\/ehiabarcelona.es\/ca\/\",\"name\":\"Ehi\u00e4 Yoga Barcelona\",\"description\":\"Ehi\u00e4 Ioga, ter\u00e0pies i lloguer d&#039;espais a Barcelona.\",\"publisher\":{\"@id\":\"https:\/\/ehiabarcelona.es\/ca\/#organization\"},\"alternateName\":\"Ehi\u00e4 Yoga y Espacios\",\"potentialAction\":[{\"@type\":\"SearchAction\",\"target\":{\"@type\":\"EntryPoint\",\"urlTemplate\":\"https:\/\/ehiabarcelona.es\/ca\/?s={search_term_string}\"},\"query-input\":{\"@type\":\"PropertyValueSpecification\",\"valueRequired\":true,\"valueName\":\"search_term_string\"}}],\"inLanguage\":\"ca\"},{\"@type\":\"Organization\",\"@id\":\"https:\/\/ehiabarcelona.es\/ca\/#organization\",\"name\":\"Ehi\u00e4 Yoga\",\"alternateName\":\"Ehi\u00e4\",\"url\":\"https:\/\/ehiabarcelona.es\/ca\/\",\"logo\":{\"@type\":\"ImageObject\",\"inLanguage\":\"ca\",\"@id\":\"https:\/\/ehiabarcelona.es\/ca\/#\/schema\/logo\/image\/\",\"url\":\"https:\/\/ehiabarcelona.es\/wp-content\/uploads\/2024\/01\/logo-marron.png\",\"contentUrl\":\"https:\/\/ehiabarcelona.es\/wp-content\/uploads\/2024\/01\/logo-marron.png\",\"width\":801,\"height\":801,\"caption\":\"Ehi\u00e4 Yoga\"},\"image\":{\"@id\":\"https:\/\/ehiabarcelona.es\/ca\/#\/schema\/logo\/image\/\"},\"sameAs\":[\"https:\/\/www.instagram.com\/ehia.yoga\/\"]},{\"@type\":\"Person\",\"@id\":\"https:\/\/ehiabarcelona.es\/ca\/#\/schema\/person\/d639a81e5336e6b882ab77865c98125e\",\"name\":\"ehiadmin\",\"image\":{\"@type\":\"ImageObject\",\"inLanguage\":\"ca\",\"@id\":\"https:\/\/ehiabarcelona.es\/ca\/#\/schema\/person\/image\/\",\"url\":\"https:\/\/secure.gravatar.com\/avatar\/f5aa908148a92f4119d301776ea6383296350dd6d07cfc52e6d61fa04bae6930?s=96&d=mm&r=g\",\"contentUrl\":\"https:\/\/secure.gravatar.com\/avatar\/f5aa908148a92f4119d301776ea6383296350dd6d07cfc52e6d61fa04bae6930?s=96&d=mm&r=g\",\"caption\":\"ehiadmin\"},\"sameAs\":[\"https:\/\/ehi.live-website.com\"],\"url\":\"https:\/\/ehiabarcelona.es\/ca\/author\/ehiadmin\/\"}]}<\/script>\n<!-- \/ Yoast SEO plugin. -->","yoast_head_json":{"title":"Energia Kundalini: despertant el poder interior - Ehi\u00e4 yoga y espacios","description":"Descobreix la poderosa energia Kundalini, els seus beneficis, desafiaments i com pots fer per despertar-la en la teva pr\u00e0ctica espiritual amb la meditaci\u00f3 i el ioga.","robots":{"index":"index","follow":"follow","max-snippet":"max-snippet:-1","max-image-preview":"max-image-preview:large","max-video-preview":"max-video-preview:-1"},"canonical":"https:\/\/ehiabarcelona.es\/ca\/energia-kundalini-despertant-el-poder-interior\/","og_locale":"ca_ES","og_type":"article","og_title":"Energia Kundalini: despertant el poder interior - Ehi\u00e4 yoga y espacios","og_description":"Descobreix la poderosa energia Kundalini, els seus beneficis, desafiaments i com pots fer per despertar-la en la teva pr\u00e0ctica espiritual amb la meditaci\u00f3 i el ioga.","og_url":"https:\/\/ehiabarcelona.es\/ca\/energia-kundalini-despertant-el-poder-interior\/","og_site_name":"Ehi\u00e4 yoga y espacios","article_published_time":"2024-07-29T12:23:03+00:00","article_modified_time":"2024-07-30T08:21:47+00:00","og_image":[{"width":1920,"height":1280,"url":"https:\/\/ehiabarcelona.es\/wp-content\/uploads\/2024\/07\/woman-5380651_1920.jpg","type":"image\/jpeg"}],"author":"ehiadmin","twitter_card":"summary_large_image","twitter_misc":{"Escrit per":"ehiadmin","Temps estimat de lectura":"7 minuts"},"schema":{"@context":"https:\/\/schema.org","@graph":[{"@type":"Article","@id":"https:\/\/ehiabarcelona.es\/ca\/energia-kundalini-despertant-el-poder-interior\/#article","isPartOf":{"@id":"https:\/\/ehiabarcelona.es\/ca\/energia-kundalini-despertant-el-poder-interior\/"},"author":{"name":"ehiadmin","@id":"https:\/\/ehiabarcelona.es\/ca\/#\/schema\/person\/d639a81e5336e6b882ab77865c98125e"},"headline":"Energia Kundalini: despertant el poder interior","datePublished":"2024-07-29T12:23:03+00:00","dateModified":"2024-07-30T08:21:47+00:00","mainEntityOfPage":{"@id":"https:\/\/ehiabarcelona.es\/ca\/energia-kundalini-despertant-el-poder-interior\/"},"wordCount":1531,"commentCount":0,"publisher":{"@id":"https:\/\/ehiabarcelona.es\/ca\/#organization"},"image":{"@id":"https:\/\/ehiabarcelona.es\/ca\/energia-kundalini-despertant-el-poder-interior\/#primaryimage"},"thumbnailUrl":"https:\/\/ehiabarcelona.es\/wp-content\/uploads\/2024\/07\/woman-5380651_1920.jpg","articleSection":["Ioga"],"inLanguage":"ca","potentialAction":[{"@type":"CommentAction","name":"Comment","target":["https:\/\/ehiabarcelona.es\/ca\/energia-kundalini-despertant-el-poder-interior\/#respond"]}]},{"@type":"WebPage","@id":"https:\/\/ehiabarcelona.es\/ca\/energia-kundalini-despertant-el-poder-interior\/","url":"https:\/\/ehiabarcelona.es\/ca\/energia-kundalini-despertant-el-poder-interior\/","name":"Energia Kundalini: despertant el poder interior - Ehi\u00e4 yoga y espacios","isPartOf":{"@id":"https:\/\/ehiabarcelona.es\/ca\/#website"},"primaryImageOfPage":{"@id":"https:\/\/ehiabarcelona.es\/ca\/energia-kundalini-despertant-el-poder-interior\/#primaryimage"},"image":{"@id":"https:\/\/ehiabarcelona.es\/ca\/energia-kundalini-despertant-el-poder-interior\/#primaryimage"},"thumbnailUrl":"https:\/\/ehiabarcelona.es\/wp-content\/uploads\/2024\/07\/woman-5380651_1920.jpg","datePublished":"2024-07-29T12:23:03+00:00","dateModified":"2024-07-30T08:21:47+00:00","description":"Descobreix la poderosa energia Kundalini, els seus beneficis, desafiaments i com pots fer per despertar-la en la teva pr\u00e0ctica espiritual amb la meditaci\u00f3 i el ioga.","breadcrumb":{"@id":"https:\/\/ehiabarcelona.es\/ca\/energia-kundalini-despertant-el-poder-interior\/#breadcrumb"},"inLanguage":"ca","potentialAction":[{"@type":"ReadAction","target":["https:\/\/ehiabarcelona.es\/ca\/energia-kundalini-despertant-el-poder-interior\/"]}]},{"@type":"ImageObject","inLanguage":"ca","@id":"https:\/\/ehiabarcelona.es\/ca\/energia-kundalini-despertant-el-poder-interior\/#primaryimage","url":"https:\/\/ehiabarcelona.es\/wp-content\/uploads\/2024\/07\/woman-5380651_1920.jpg","contentUrl":"https:\/\/ehiabarcelona.es\/wp-content\/uploads\/2024\/07\/woman-5380651_1920.jpg","width":1920,"height":1280,"caption":"energ\u00eda kundalini"},{"@type":"BreadcrumbList","@id":"https:\/\/ehiabarcelona.es\/ca\/energia-kundalini-despertant-el-poder-interior\/#breadcrumb","itemListElement":[{"@type":"ListItem","position":1,"name":"Ehia","item":"https:\/\/ehiabarcelona.es\/ca\/"},{"@type":"ListItem","position":2,"name":"Ioga","item":"https:\/\/ehiabarcelona.es\/ca\/categoria\/ioga\/"},{"@type":"ListItem","position":3,"name":"Energia Kundalini: despertant el poder interior"}]},{"@type":"WebSite","@id":"https:\/\/ehiabarcelona.es\/ca\/#website","url":"https:\/\/ehiabarcelona.es\/ca\/","name":"Ehi\u00e4 Yoga Barcelona","description":"Ehi\u00e4 Ioga, ter\u00e0pies i lloguer d&#039;espais a Barcelona.","publisher":{"@id":"https:\/\/ehiabarcelona.es\/ca\/#organization"},"alternateName":"Ehi\u00e4 Yoga y Espacios","potentialAction":[{"@type":"SearchAction","target":{"@type":"EntryPoint","urlTemplate":"https:\/\/ehiabarcelona.es\/ca\/?s={search_term_string}"},"query-input":{"@type":"PropertyValueSpecification","valueRequired":true,"valueName":"search_term_string"}}],"inLanguage":"ca"},{"@type":"Organization","@id":"https:\/\/ehiabarcelona.es\/ca\/#organization","name":"Ehi\u00e4 Yoga","alternateName":"Ehi\u00e4","url":"https:\/\/ehiabarcelona.es\/ca\/","logo":{"@type":"ImageObject","inLanguage":"ca","@id":"https:\/\/ehiabarcelona.es\/ca\/#\/schema\/logo\/image\/","url":"https:\/\/ehiabarcelona.es\/wp-content\/uploads\/2024\/01\/logo-marron.png","contentUrl":"https:\/\/ehiabarcelona.es\/wp-content\/uploads\/2024\/01\/logo-marron.png","width":801,"height":801,"caption":"Ehi\u00e4 Yoga"},"image":{"@id":"https:\/\/ehiabarcelona.es\/ca\/#\/schema\/logo\/image\/"},"sameAs":["https:\/\/www.instagram.com\/ehia.yoga\/"]},{"@type":"Person","@id":"https:\/\/ehiabarcelona.es\/ca\/#\/schema\/person\/d639a81e5336e6b882ab77865c98125e","name":"ehiadmin","image":{"@type":"ImageObject","inLanguage":"ca","@id":"https:\/\/ehiabarcelona.es\/ca\/#\/schema\/person\/image\/","url":"https:\/\/secure.gravatar.com\/avatar\/f5aa908148a92f4119d301776ea6383296350dd6d07cfc52e6d61fa04bae6930?s=96&d=mm&r=g","contentUrl":"https:\/\/secure.gravatar.com\/avatar\/f5aa908148a92f4119d301776ea6383296350dd6d07cfc52e6d61fa04bae6930?s=96&d=mm&r=g","caption":"ehiadmin"},"sameAs":["https:\/\/ehi.live-website.com"],"url":"https:\/\/ehiabarcelona.es\/ca\/author\/ehiadmin\/"}]}},"_links":{"self":[{"href":"https:\/\/ehiabarcelona.es\/ca\/wp-json\/wp\/v2\/posts\/4700","targetHints":{"allow":["GET"]}}],"collection":[{"href":"https:\/\/ehiabarcelona.es\/ca\/wp-json\/wp\/v2\/posts"}],"about":[{"href":"https:\/\/ehiabarcelona.es\/ca\/wp-json\/wp\/v2\/types\/post"}],"author":[{"embeddable":true,"href":"https:\/\/ehiabarcelona.es\/ca\/wp-json\/wp\/v2\/users\/1"}],"replies":[{"embeddable":true,"href":"https:\/\/ehiabarcelona.es\/ca\/wp-json\/wp\/v2\/comments?post=4700"}],"version-history":[{"count":4,"href":"https:\/\/ehiabarcelona.es\/ca\/wp-json\/wp\/v2\/posts\/4700\/revisions"}],"predecessor-version":[{"id":4707,"href":"https:\/\/ehiabarcelona.es\/ca\/wp-json\/wp\/v2\/posts\/4700\/revisions\/4707"}],"wp:featuredmedia":[{"embeddable":true,"href":"https:\/\/ehiabarcelona.es\/ca\/wp-json\/wp\/v2\/media\/4710"}],"wp:attachment":[{"href":"https:\/\/ehiabarcelona.es\/ca\/wp-json\/wp\/v2\/media?parent=4700"}],"wp:term":[{"taxonomy":"category","embeddable":true,"href":"https:\/\/ehiabarcelona.es\/ca\/wp-json\/wp\/v2\/categories?post=4700"},{"taxonomy":"post_tag","embeddable":true,"href":"https:\/\/ehiabarcelona.es\/ca\/wp-json\/wp\/v2\/tags?post=4700"}],"curies":[{"name":"wp","href":"https:\/\/api.w.org\/{rel}","templated":true}]}}