{"id":4574,"date":"2024-07-04T07:30:11","date_gmt":"2024-07-04T07:30:11","guid":{"rendered":"https:\/\/ehiabarcelona.es\/tecnicas-de-relajacion-para-ansiedad-alivio-efectivo-y-rapido\/"},"modified":"2026-03-10T09:03:08","modified_gmt":"2026-03-10T09:03:08","slug":"tecniques-de-relaxacio-per-a-lansietat-alleujament-efectiu-i-rapid","status":"publish","type":"post","link":"https:\/\/ehiabarcelona.es\/ca\/tecniques-de-relaxacio-per-a-lansietat-alleujament-efectiu-i-rapid\/","title":{"rendered":"T\u00e8cniques de relaxaci\u00f3 per a l&#8217;ansietat"},"content":{"rendered":"<p>&nbsp;<\/p>\n<p><span style=\"font-weight: 400;\">L&#8217;ansietat i l&#8217;estr\u00e8s s\u00f3n a la boca de tothom. Per\u00f2 moltes persones, immerses en les seves vides atrafegades, desconeixen que existeixen t\u00e8cniques de relaxaci\u00f3 per a l&#8217;ansietat, t\u00e8cniques que poden proporcionar-los un gran alleujament i millorar la seva qualitat de vida. Les coneixes?<\/span><\/p>\n<p>&nbsp;<\/p>\n<p><span style=\"font-weight: 400;\">Des de <\/span><span style=\"font-weight: 400;\">Ehia<\/span><span style=\"font-weight: 400;\">, oferim espais de relaxaci\u00f3 que t&#8217;acosten i connecten amb el teu \u00e9sser. Ens enfoquem en aquesta tan important relaci\u00f3 entre el teu cos i la teva ment. Per aix\u00f2, avui parlem de les principals t\u00e8cniques de relaxaci\u00f3 per a l&#8217;ansietat i el seu impacte en el nostre benestar.<\/span><\/p>\n<p>&nbsp;<\/p>\n<h2><b>L&#8217;ansietat: un mal que ens assetja a tots<\/b><\/h2>\n<p><span style=\"font-weight: 400;\">La vida contempor\u00e0nia pot ser una aut\u00e8ntica bogeria. La pressi\u00f3 constant en els entorns laborals, l&#8217;estr\u00e8s que generen les xarxes socials i els entorns i ciutats en qu\u00e8 vivim han creat el c\u00f2ctel perfecte per exacerbar els nivells d&#8217;estr\u00e8s i ansietat en la poblaci\u00f3.<\/span><\/p>\n<p>&nbsp;<\/p>\n<p><span style=\"font-weight: 400;\">Aix\u00ed \u00e9s com l&#8217;ansietat sembla expandir-se com una malaltia que no discrimina entre edats ni g\u00e8neres. Tot aquest panorama genera que l&#8217;ansietat tingui uns efectes diversos, devastadors en moltes ocasions si no es manegen amb cura. Aix\u00f2 es deu al fet que, a m\u00e9s de veure&#8217;s comprom\u00e8s el benestar mental, tamb\u00e9 t\u00e9 un gran impacte f\u00edsic.<\/span><\/p>\n<p>&nbsp;<\/p>\n<p><span style=\"font-weight: 400;\">Per aix\u00f2, entendre com es comporta aquesta emoci\u00f3 i aprendre a gestionar-la amb t\u00e8cniques de relaxaci\u00f3 \u00e9s fonamental. Mitjan\u00e7ant aquestes pr\u00e0ctiques es busca proporcionar alleujament immediat i promoure un benestar durador en enfortir la capacitat d&#8217;afrontament davant l&#8217;estr\u00e8s.<\/span><\/p>\n<p>&nbsp;<\/p>\n<h2><b>Per qu\u00e8 \u00e9s important gestionar l&#8217;ansietat?<\/b><\/h2>\n<p><span style=\"font-weight: 400;\">L&#8217;ansietat, aquesta sensaci\u00f3 inc\u00f2moda d&#8217;inquietud, nerviosisme o temor que de vegades ens envaeix, \u00e9s una resposta natural del cos davant situacions de perill o estr\u00e8s. Tanmateix, quan es torna excessiva o persistent, pot convertir-se en un problema que afecta la nostra salut f\u00edsica i mental. Gestionar l&#8217;ansietat \u00e9s crucial per diversos motius:<\/span><\/p>\n<h3><span style=\"font-weight: 400;\">1. Per protegir el teu benestar mental:<\/span><\/h3>\n<ul>\n<li style=\"font-weight: 400;\" aria-level=\"1\"><b>Redueix l&#8217;estr\u00e8s i la tensi\u00f3:<\/b><span style=\"font-weight: 400;\"> L&#8217;ansietat descontrolada pot generar un estat constant d&#8217;alerta i preocupaci\u00f3, cosa que esgota la teva ment i afecta la teva qualitat de vida. Aprendre a manejar-la et permet sentir-te m\u00e9s tranquil, relaxat i en control.<\/span><\/li>\n<li style=\"font-weight: 400;\" aria-level=\"1\"><b>Millora el teu estat d&#8217;\u00e0nim:<\/b><span style=\"font-weight: 400;\"> L&#8217;ansietat pot contribuir a la irritabilitat, la tristesa i la dificultat per gaudir de les activitats quotidianes. Gestionar-la t&#8217;ajuda a recuperar una perspectiva m\u00e9s positiva i a sentir-te m\u00e9s feli\u00e7.<\/span><\/li>\n<li style=\"font-weight: 400;\" aria-level=\"1\"><b>Enforteix la teva autoestima:<\/b><span style=\"font-weight: 400;\"> Quan l&#8217;ansietat et controla, pots sentir-te incapa\u00e7 d&#8217;afrontar els desafiaments de la vida. En aprendre a manejar-la, recuperes la confian\u00e7a en tu mateix i en les teves habilitats.<\/span><\/li>\n<li style=\"font-weight: 400;\" aria-level=\"1\"><b>Prev\u00e9 trastorns mentals m\u00e9s greus:<\/b><span style=\"font-weight: 400;\"> Si no es tracta, l&#8217;ansietat pot derivar en trastorns com la depressi\u00f3, el trastorn de p\u00e0nic o el trastorn obsessiu-compulsiu. Gestionar-la a temps t&#8217;ajuda a prevenir aquestes complicacions.<\/span><\/li>\n<\/ul>\n<h3><span style=\"font-weight: 400;\">2. Per cuidar la teva salut f\u00edsica:<\/span><\/h3>\n<ul>\n<li style=\"font-weight: 400;\" aria-level=\"1\"><b>Redueix els s\u00edmptomes f\u00edsics:<\/b><span style=\"font-weight: 400;\"> L&#8217;ansietat es pot manifestar en el cos a trav\u00e9s de diversos s\u00edmptomes com mals de cap, palpitacions, sudoraci\u00f3, problemes digestius i dificultat per dormir. Gestionar-la t&#8217;ajuda a alleujar aquestes mol\u00e8sties i a millorar la teva salut f\u00edsica en general.<\/span><\/li>\n<li style=\"font-weight: 400;\" aria-level=\"1\"><b>Enforteix el teu sistema immunol\u00f2gic:<\/b><span style=\"font-weight: 400;\"> L&#8217;estr\u00e8s cr\u00f2nic associat a l&#8217;ansietat debilita el teu sistema immunol\u00f2gic, fent-te m\u00e9s vulnerable a malalties. Gestionar-la t&#8217;ajuda a mantenir-te m\u00e9s saludable i amb m\u00e9s capacitat per combatre les infeccions.<\/span><\/li>\n<li style=\"font-weight: 400;\" aria-level=\"1\"><b>Millora la qualitat del son:<\/b><span style=\"font-weight: 400;\"> L&#8217;ansietat pot interferir amb el teu son, provocant insomni o despertars nocturns. Gestionar-la t&#8217;ajuda a conciliar el son amb m\u00e9s facilitat i a descansar millor.<\/span><\/li>\n<\/ul>\n<h3><span style=\"font-weight: 400;\">3. Per millorar la teva qualitat de vida:<\/span><\/h3>\n<ul>\n<li style=\"font-weight: 400;\" aria-level=\"1\"><b>Et permet gaudir de les teves relacions:<\/b><span style=\"font-weight: 400;\"> L&#8217;ansietat pot afectar les teves relacions amb familiars, amics i companys de feina. Gestionar-la t&#8217;ajuda a comunicar-te millor, ser m\u00e9s pacient i enfortir els teus vincles amb els altres.<\/span><\/li>\n<li style=\"font-weight: 400;\" aria-level=\"1\"><b>Augmenta la teva productivitat:<\/b><span style=\"font-weight: 400;\"> L&#8217;ansietat pot dificultar la concentraci\u00f3 i la presa de decisions. Gestionar-la et permet ser m\u00e9s eficient a la feina o en els estudis.<\/span><\/li>\n<li style=\"font-weight: 400;\" aria-level=\"1\"><b>Et permet perseguir les teves metes:<\/b><span style=\"font-weight: 400;\"> L&#8217;ansietat pot fer-te sentir insegur i obstaculitzar la consecuci\u00f3 dels teus objectius. Gestionar-la t&#8217;ajuda a afrontar els desafiaments amb m\u00e9s confian\u00e7a i determinaci\u00f3.<\/span><\/li>\n<\/ul>\n<p>&nbsp;<\/p>\n<p><span style=\"font-weight: 400;\">Per aix\u00f2, saber gestionar aquesta emoci\u00f3 de manera efectiva, per exemple a trav\u00e9s de t\u00e8cniques de relaxaci\u00f3 per a l&#8217;ansietat, \u00e9s essencial per restaurar i mantenir un equilibri emocional saludable. D&#8217;aquesta manera, podrem tenir una vida m\u00e9s plena i gaudir del nostre dia a dia.<\/span><\/p>\n<p>&nbsp;<\/p>\n<h2><b>Les millors t\u00e8cniques de relaxaci\u00f3 per a l&#8217;ansietat<\/b><\/h2>\n<p><span style=\"font-weight: 400;\">Realment existeixen t\u00e8cniques pr\u00e0ctiques que ajuden a reduir l&#8217;ansietat? S\u00ed! I \u00e9s fonamental entendre com cadascuna d&#8217;elles contribueix al nostre benestar emocional i f\u00edsic:<\/span><\/p>\n<p>&nbsp;<\/p>\n<h3><b>Respiraci\u00f3 profunda i conscient<\/b><\/h3>\n<p><span style=\"font-weight: 400;\">Els nostres dies estan carregats d&#8217;activitats i m\u00e9s activitats. Per\u00f2, \u00e9s essencial fer un espai per dedicar uns minuts a la pr\u00e0ctica de respiracions profundes, inhalant a poc a poc pel nas, omplint completament els pulmons, i exhalant de manera controlada. Gr\u00e0cies a aix\u00f2 ajudem a calmar el sistema nervi\u00f3s i a reduir la resposta a l&#8217;estr\u00e8s.<\/span><\/p>\n<p>&nbsp;<\/p>\n<h3><b>Meditaci\u00f3 i mindfulness<\/b><\/h3>\n<p><span style=\"font-weight: 400;\">Tot i que la meditaci\u00f3 ha guanyat popularitat actualment, \u00e9s important recordar que \u00e9s una pr\u00e0ctica ancestral amb profundes arrels en diverses tradicions espirituals i filos\u00f2fiques. \u00c9s una t\u00e8cnica que ofereix beneficis duradors per al nostre benestar integral.<\/span><\/p>\n<p>&nbsp;<\/p>\n<p><span style=\"font-weight: 400;\">En practicar el mindfulness, ens entrenem per enfocar-nos en el moment present, i cultivem una atenci\u00f3 plena cap als nostres pensaments i emocions sense reaccionar de manera autom\u00e0tica. Aquesta capacitat enforteix la nostra claredat mental i ens permet gestionar les preocupacions des d&#8217;una perspectiva m\u00e9s equilibrada i objectiva.<\/span><\/p>\n<p>&nbsp;<\/p>\n<p><span style=\"font-weight: 400;\">Aix\u00ed, la meditaci\u00f3 ens brinda alleujament immediat de l&#8217;estr\u00e8s, i tamb\u00e9 fomenta un canvi positiu profund en la nostra manera d&#8217;experimentar la vida. \u00c9s molt important incorporar aquesta pr\u00e0ctica a la rutina di\u00e0ria per obtenir una major estabilitat emocional, una millora en la presa de decisions i una major satisfacci\u00f3 personal.<\/span><\/p>\n<p>&nbsp;<\/p>\n<h3><b>Exercici f\u00edsic regular<\/b><\/h3>\n<p><span style=\"font-weight: 400;\">L&#8217;esport t\u00e9 molt\u00edssims beneficis que van m\u00e9s enll\u00e0 del simple exercici f\u00edsic. Realitzar activitats f\u00edsiques que gaudeixis, com caminar, c\u00f3rrer, nedar o practicar ioga \u00e9s essencial per alliberar endorfines que milloren l&#8217;estat d&#8217;\u00e0nim i redueixen els nivells d&#8217;estr\u00e8s i ansietat.<\/span><\/p>\n<p>&nbsp;<\/p>\n<p><span style=\"font-weight: 400;\">L&#8217;exercici es converteix en un escapat\u00f2ria di\u00e0ria i necess\u00e0ria de l&#8217;estr\u00e8s. Millora la nostra qualitat del son i enforteix els m\u00fasculs juntament amb promoure la relaxaci\u00f3 muscular. Fins i tot, augmenta la nostra autoestima i confian\u00e7a en nosaltres mateixos.<\/span><\/p>\n<p>&nbsp;<\/p>\n<h3><b>T\u00e8cniques de relaxaci\u00f3 muscular<\/b><\/h3>\n<p><span style=\"font-weight: 400;\">Sabies que aprendre t\u00e8cniques d&#8217;estirament muscular beneficia a la reducci\u00f3 de l&#8217;ansietat? T\u00e8cniques com l&#8217;entrenament autogen o la relaxaci\u00f3 progressiva, on es tensen i relaxen grups musculars espec\u00edfics per alliberar la tensi\u00f3 acumulada en el cos, s\u00f3n excel\u00b7lents per aconseguir-ho.<\/span><\/p>\n<p>&nbsp;<\/p>\n<h3><b>Pr\u00e0ctiques de visualitzaci\u00f3 i imaginaci\u00f3 guiada<\/b><\/h3>\n<p><span style=\"font-weight: 400;\">L&#8217;\u00fas de la imaginaci\u00f3 i la creativitat no hauria de limitar-se als nens. La visualitzaci\u00f3 creativa, que consisteix en imaginar llocs o situacions tranquil\u00b7les i segures, \u00e9s una t\u00e8cnica efectiva de relaxaci\u00f3 per a l&#8217;ansietat. Ajuda a induir un estat de calma que, com a resultat, redueix els nivells d&#8217;ansietat.<\/span><\/p>\n<p><span style=\"font-weight: 400;\">Per\u00f2 a m\u00e9s de calmar la ment, contribueix a reduir la freq\u00fc\u00e8ncia card\u00edaca i a relaxar els m\u00fasculs tensos. Per crear un ambient de relaxaci\u00f3 total, podem incloure sons suaus, aromes relaxants i utilitzar tons clars en les nostres peces durant la pr\u00e0ctica.<\/span><\/p>\n<p>&nbsp;<\/p>\n<h3><b>Establiment de rutines i h\u00e0bits saludables<\/b><\/h3>\n<p><span style=\"font-weight: 400;\">Des de la inf\u00e0ncia, se&#8217;ns ensenya la import\u00e0ncia de mantenir horaris regulars per dormir i despertar. Establir rutines estables pot brindar un sentit de control i estabilitat que ajuda a reduir l&#8217;ansietat. A m\u00e9s, incorporar h\u00e0bits alimentaris saludables i mantenir una dieta equilibrada pot ser de gran ajuda. Recorda, la const\u00e0ncia \u00e9s fonamental.<\/span><\/p>\n<p>&nbsp;<\/p>\n<h3><b>Gesti\u00f3 del temps i organitzaci\u00f3 de tasques<\/b><\/h3>\n<p><span style=\"font-weight: 400;\">Una bona gesti\u00f3 del temps pot reduir la sensaci\u00f3 de sobrec\u00e0rrega i estr\u00e8s. Per\u00f2, com aconseguir-ho? Un m\u00e8tode \u00e9s dividir les tasques en petits passos manejables, establir prioritats i utilitzar llistes de verificaci\u00f3 per organitzar les teves activitats di\u00e0ries.<\/span><\/p>\n<p>&nbsp;<\/p>\n<h3><b>Suport social i converses obertes<\/b><\/h3>\n<p><span style=\"font-weight: 400;\">S&#8217;ha demostrat que mantenir connexions profundes amb amics, familiars o grups de suport \u00e9s extremadament benefici\u00f3s per a la salut i un factor determinant en la nostra felicitat. Parlar sobre les nostres preocupacions amb persones de confian\u00e7a pot oferir-nos perspectives diferents i un valu\u00f3s suport emocional durant moments d&#8217;ansietat.<\/span><\/p>\n<p>&nbsp;<\/p>\n<h2><b>El teu cos, el teu temple<\/b><\/h2>\n<p><span style=\"font-weight: 400;\">Comprendre el paper de l&#8217;ansietat i els seus efectes en el nostre cos \u00e9s molt important per poder abordar-la amb un enfocament integral. En fer-ho a trav\u00e9s de les t\u00e8cniques de relaxaci\u00f3 per a l&#8217;ansietat esmentades podrem millorar la nostra qualitat de vida i tenir un impacte positiu en la nostra salut. Coneixies alguna d&#8217;aquestes t\u00e8cniques?<\/span><\/p>\n<p><span style=\"font-weight: 400;\">Des d&#8217;Ehia t&#8217;acostem aquestes t\u00e8cniques perqu\u00e8 puguis cultivar la coher\u00e8ncia cor-cervell i redueixis l&#8217;estr\u00e8s. El nostre projecte, al servei de l&#8217;amor, la cura i el creixement est\u00e0 dissenyat per ajudar-te a descobrir el teu potencial i assolir una connexi\u00f3 m\u00e9s profunda amb tu mateix. Si est\u00e0s interessat en con\u00e8ixer m\u00e9s sobre les nostres ter\u00e0pies o en llogar el teu espai de ioga, <\/span><a href=\"https:\/\/ehiabarcelona.es\/ca\/contacte\/\"><span style=\"font-weight: 400;\">contacta<\/span><\/a><span style=\"font-weight: 400;\"> amb nosaltres perqu\u00e8 puguem ajudar-te.<\/span><\/p>\n","protected":false},"excerpt":{"rendered":"<p>Alleuja l&#8217;estr\u00e8s amb aquestes t\u00e8cniques de relaxaci\u00f3 per a ansietat i connecta amb tu mateix i els altres.<\/p>\n","protected":false},"author":1,"featured_media":4569,"comment_status":"open","ping_status":"open","sticky":false,"template":"","format":"standard","meta":{"_acf_changed":false,"_mo_disable_npp":"","footnotes":""},"categories":[67],"tags":[],"class_list":["post-4574","post","type-post","status-publish","format-standard","has-post-thumbnail","hentry","category-ioga"],"acf":[],"yoast_head":"<!-- This site is optimized with the Yoast SEO plugin v24.6 - https:\/\/yoast.com\/wordpress\/plugins\/seo\/ -->\n<title>T\u00e8cniques de relaxaci\u00f3 per a l&#039;ansietat - Ehi\u00e4 yoga y espacios<\/title>\n<meta name=\"description\" content=\"Alleuja l&#039;estr\u00e8s amb aquestes t\u00e8cniques de relaxaci\u00f3 per a l&#039;ansietat i connecta amb tu mateix i els altres.\" \/>\n<meta name=\"robots\" content=\"index, follow, max-snippet:-1, max-image-preview:large, max-video-preview:-1\" \/>\n<link rel=\"canonical\" href=\"https:\/\/ehiabarcelona.es\/ca\/tecniques-de-relaxacio-per-a-lansietat-alleujament-efectiu-i-rapid\/\" \/>\n<meta property=\"og:locale\" content=\"ca_ES\" \/>\n<meta property=\"og:type\" content=\"article\" \/>\n<meta property=\"og:title\" content=\"T\u00e8cniques de relaxaci\u00f3 per a l&#039;ansietat - Ehi\u00e4 yoga y espacios\" \/>\n<meta property=\"og:description\" content=\"Alleuja l&#039;estr\u00e8s amb aquestes t\u00e8cniques de relaxaci\u00f3 per a l&#039;ansietat i connecta amb tu mateix i els altres.\" \/>\n<meta property=\"og:url\" content=\"https:\/\/ehiabarcelona.es\/ca\/tecniques-de-relaxacio-per-a-lansietat-alleujament-efectiu-i-rapid\/\" \/>\n<meta property=\"og:site_name\" content=\"Ehi\u00e4 yoga y espacios\" \/>\n<meta property=\"article:published_time\" content=\"2024-07-04T07:30:11+00:00\" \/>\n<meta property=\"article:modified_time\" content=\"2026-03-10T09:03:08+00:00\" \/>\n<meta property=\"og:image\" content=\"https:\/\/ehiabarcelona.es\/wp-content\/uploads\/2024\/07\/person-conducting-reiki-therapy-scaled.jpg\" \/>\n\t<meta property=\"og:image:width\" content=\"2560\" \/>\n\t<meta property=\"og:image:height\" content=\"1707\" \/>\n\t<meta property=\"og:image:type\" content=\"image\/jpeg\" \/>\n<meta name=\"author\" content=\"ehiadmin\" \/>\n<meta name=\"twitter:card\" content=\"summary_large_image\" \/>\n<meta name=\"twitter:label1\" content=\"Escrit per\" \/>\n\t<meta name=\"twitter:data1\" content=\"ehiadmin\" \/>\n\t<meta name=\"twitter:label2\" content=\"Temps estimat de lectura\" \/>\n\t<meta name=\"twitter:data2\" content=\"7 minuts\" \/>\n<script type=\"application\/ld+json\" class=\"yoast-schema-graph\">{\"@context\":\"https:\/\/schema.org\",\"@graph\":[{\"@type\":\"Article\",\"@id\":\"https:\/\/ehiabarcelona.es\/ca\/tecniques-de-relaxacio-per-a-lansietat-alleujament-efectiu-i-rapid\/#article\",\"isPartOf\":{\"@id\":\"https:\/\/ehiabarcelona.es\/ca\/tecniques-de-relaxacio-per-a-lansietat-alleujament-efectiu-i-rapid\/\"},\"author\":{\"name\":\"ehiadmin\",\"@id\":\"https:\/\/ehiabarcelona.es\/ca\/#\/schema\/person\/d639a81e5336e6b882ab77865c98125e\"},\"headline\":\"T\u00e8cniques de relaxaci\u00f3 per a l&#8217;ansietat\",\"datePublished\":\"2024-07-04T07:30:11+00:00\",\"dateModified\":\"2026-03-10T09:03:08+00:00\",\"mainEntityOfPage\":{\"@id\":\"https:\/\/ehiabarcelona.es\/ca\/tecniques-de-relaxacio-per-a-lansietat-alleujament-efectiu-i-rapid\/\"},\"wordCount\":1666,\"commentCount\":0,\"publisher\":{\"@id\":\"https:\/\/ehiabarcelona.es\/ca\/#organization\"},\"image\":{\"@id\":\"https:\/\/ehiabarcelona.es\/ca\/tecniques-de-relaxacio-per-a-lansietat-alleujament-efectiu-i-rapid\/#primaryimage\"},\"thumbnailUrl\":\"https:\/\/ehiabarcelona.es\/wp-content\/uploads\/2024\/07\/person-conducting-reiki-therapy-scaled.jpg\",\"articleSection\":[\"Ioga\"],\"inLanguage\":\"ca\",\"potentialAction\":[{\"@type\":\"CommentAction\",\"name\":\"Comment\",\"target\":[\"https:\/\/ehiabarcelona.es\/ca\/tecniques-de-relaxacio-per-a-lansietat-alleujament-efectiu-i-rapid\/#respond\"]}]},{\"@type\":\"WebPage\",\"@id\":\"https:\/\/ehiabarcelona.es\/ca\/tecniques-de-relaxacio-per-a-lansietat-alleujament-efectiu-i-rapid\/\",\"url\":\"https:\/\/ehiabarcelona.es\/ca\/tecniques-de-relaxacio-per-a-lansietat-alleujament-efectiu-i-rapid\/\",\"name\":\"T\u00e8cniques de relaxaci\u00f3 per a l'ansietat - Ehi\u00e4 yoga y espacios\",\"isPartOf\":{\"@id\":\"https:\/\/ehiabarcelona.es\/ca\/#website\"},\"primaryImageOfPage\":{\"@id\":\"https:\/\/ehiabarcelona.es\/ca\/tecniques-de-relaxacio-per-a-lansietat-alleujament-efectiu-i-rapid\/#primaryimage\"},\"image\":{\"@id\":\"https:\/\/ehiabarcelona.es\/ca\/tecniques-de-relaxacio-per-a-lansietat-alleujament-efectiu-i-rapid\/#primaryimage\"},\"thumbnailUrl\":\"https:\/\/ehiabarcelona.es\/wp-content\/uploads\/2024\/07\/person-conducting-reiki-therapy-scaled.jpg\",\"datePublished\":\"2024-07-04T07:30:11+00:00\",\"dateModified\":\"2026-03-10T09:03:08+00:00\",\"description\":\"Alleuja l'estr\u00e8s amb aquestes t\u00e8cniques de relaxaci\u00f3 per a l'ansietat i connecta amb tu mateix i els altres.\",\"breadcrumb\":{\"@id\":\"https:\/\/ehiabarcelona.es\/ca\/tecniques-de-relaxacio-per-a-lansietat-alleujament-efectiu-i-rapid\/#breadcrumb\"},\"inLanguage\":\"ca\",\"potentialAction\":[{\"@type\":\"ReadAction\",\"target\":[\"https:\/\/ehiabarcelona.es\/ca\/tecniques-de-relaxacio-per-a-lansietat-alleujament-efectiu-i-rapid\/\"]}]},{\"@type\":\"ImageObject\",\"inLanguage\":\"ca\",\"@id\":\"https:\/\/ehiabarcelona.es\/ca\/tecniques-de-relaxacio-per-a-lansietat-alleujament-efectiu-i-rapid\/#primaryimage\",\"url\":\"https:\/\/ehiabarcelona.es\/wp-content\/uploads\/2024\/07\/person-conducting-reiki-therapy-scaled.jpg\",\"contentUrl\":\"https:\/\/ehiabarcelona.es\/wp-content\/uploads\/2024\/07\/person-conducting-reiki-therapy-scaled.jpg\",\"width\":2560,\"height\":1707,\"caption\":\"T\u00e8cniques de relaxaci\u00f3 per a l'ansietat\"},{\"@type\":\"BreadcrumbList\",\"@id\":\"https:\/\/ehiabarcelona.es\/ca\/tecniques-de-relaxacio-per-a-lansietat-alleujament-efectiu-i-rapid\/#breadcrumb\",\"itemListElement\":[{\"@type\":\"ListItem\",\"position\":1,\"name\":\"Ehia\",\"item\":\"https:\/\/ehiabarcelona.es\/ca\/\"},{\"@type\":\"ListItem\",\"position\":2,\"name\":\"Ioga\",\"item\":\"https:\/\/ehiabarcelona.es\/ca\/categoria\/ioga\/\"},{\"@type\":\"ListItem\",\"position\":3,\"name\":\"T\u00e8cniques de relaxaci\u00f3 per a l&#8217;ansietat\"}]},{\"@type\":\"WebSite\",\"@id\":\"https:\/\/ehiabarcelona.es\/ca\/#website\",\"url\":\"https:\/\/ehiabarcelona.es\/ca\/\",\"name\":\"Ehi\u00e4 Yoga Barcelona\",\"description\":\"Ehi\u00e4 Ioga, ter\u00e0pies i lloguer d&#039;espais a Barcelona.\",\"publisher\":{\"@id\":\"https:\/\/ehiabarcelona.es\/ca\/#organization\"},\"alternateName\":\"Ehi\u00e4 Yoga y Espacios\",\"potentialAction\":[{\"@type\":\"SearchAction\",\"target\":{\"@type\":\"EntryPoint\",\"urlTemplate\":\"https:\/\/ehiabarcelona.es\/ca\/?s={search_term_string}\"},\"query-input\":{\"@type\":\"PropertyValueSpecification\",\"valueRequired\":true,\"valueName\":\"search_term_string\"}}],\"inLanguage\":\"ca\"},{\"@type\":\"Organization\",\"@id\":\"https:\/\/ehiabarcelona.es\/ca\/#organization\",\"name\":\"Ehi\u00e4 Yoga\",\"alternateName\":\"Ehi\u00e4\",\"url\":\"https:\/\/ehiabarcelona.es\/ca\/\",\"logo\":{\"@type\":\"ImageObject\",\"inLanguage\":\"ca\",\"@id\":\"https:\/\/ehiabarcelona.es\/ca\/#\/schema\/logo\/image\/\",\"url\":\"https:\/\/ehiabarcelona.es\/wp-content\/uploads\/2024\/01\/logo-marron.png\",\"contentUrl\":\"https:\/\/ehiabarcelona.es\/wp-content\/uploads\/2024\/01\/logo-marron.png\",\"width\":801,\"height\":801,\"caption\":\"Ehi\u00e4 Yoga\"},\"image\":{\"@id\":\"https:\/\/ehiabarcelona.es\/ca\/#\/schema\/logo\/image\/\"},\"sameAs\":[\"https:\/\/www.instagram.com\/ehia.yoga\/\"]},{\"@type\":\"Person\",\"@id\":\"https:\/\/ehiabarcelona.es\/ca\/#\/schema\/person\/d639a81e5336e6b882ab77865c98125e\",\"name\":\"ehiadmin\",\"image\":{\"@type\":\"ImageObject\",\"inLanguage\":\"ca\",\"@id\":\"https:\/\/ehiabarcelona.es\/ca\/#\/schema\/person\/image\/\",\"url\":\"https:\/\/secure.gravatar.com\/avatar\/f5aa908148a92f4119d301776ea6383296350dd6d07cfc52e6d61fa04bae6930?s=96&d=mm&r=g\",\"contentUrl\":\"https:\/\/secure.gravatar.com\/avatar\/f5aa908148a92f4119d301776ea6383296350dd6d07cfc52e6d61fa04bae6930?s=96&d=mm&r=g\",\"caption\":\"ehiadmin\"},\"sameAs\":[\"https:\/\/ehi.live-website.com\"],\"url\":\"https:\/\/ehiabarcelona.es\/ca\/author\/ehiadmin\/\"}]}<\/script>\n<!-- \/ Yoast SEO plugin. -->","yoast_head_json":{"title":"T\u00e8cniques de relaxaci\u00f3 per a l'ansietat - Ehi\u00e4 yoga y espacios","description":"Alleuja l'estr\u00e8s amb aquestes t\u00e8cniques de relaxaci\u00f3 per a l'ansietat i connecta amb tu mateix i els altres.","robots":{"index":"index","follow":"follow","max-snippet":"max-snippet:-1","max-image-preview":"max-image-preview:large","max-video-preview":"max-video-preview:-1"},"canonical":"https:\/\/ehiabarcelona.es\/ca\/tecniques-de-relaxacio-per-a-lansietat-alleujament-efectiu-i-rapid\/","og_locale":"ca_ES","og_type":"article","og_title":"T\u00e8cniques de relaxaci\u00f3 per a l'ansietat - Ehi\u00e4 yoga y espacios","og_description":"Alleuja l'estr\u00e8s amb aquestes t\u00e8cniques de relaxaci\u00f3 per a l'ansietat i connecta amb tu mateix i els altres.","og_url":"https:\/\/ehiabarcelona.es\/ca\/tecniques-de-relaxacio-per-a-lansietat-alleujament-efectiu-i-rapid\/","og_site_name":"Ehi\u00e4 yoga y espacios","article_published_time":"2024-07-04T07:30:11+00:00","article_modified_time":"2026-03-10T09:03:08+00:00","og_image":[{"width":2560,"height":1707,"url":"https:\/\/ehiabarcelona.es\/wp-content\/uploads\/2024\/07\/person-conducting-reiki-therapy-scaled.jpg","type":"image\/jpeg"}],"author":"ehiadmin","twitter_card":"summary_large_image","twitter_misc":{"Escrit per":"ehiadmin","Temps estimat de lectura":"7 minuts"},"schema":{"@context":"https:\/\/schema.org","@graph":[{"@type":"Article","@id":"https:\/\/ehiabarcelona.es\/ca\/tecniques-de-relaxacio-per-a-lansietat-alleujament-efectiu-i-rapid\/#article","isPartOf":{"@id":"https:\/\/ehiabarcelona.es\/ca\/tecniques-de-relaxacio-per-a-lansietat-alleujament-efectiu-i-rapid\/"},"author":{"name":"ehiadmin","@id":"https:\/\/ehiabarcelona.es\/ca\/#\/schema\/person\/d639a81e5336e6b882ab77865c98125e"},"headline":"T\u00e8cniques de relaxaci\u00f3 per a l&#8217;ansietat","datePublished":"2024-07-04T07:30:11+00:00","dateModified":"2026-03-10T09:03:08+00:00","mainEntityOfPage":{"@id":"https:\/\/ehiabarcelona.es\/ca\/tecniques-de-relaxacio-per-a-lansietat-alleujament-efectiu-i-rapid\/"},"wordCount":1666,"commentCount":0,"publisher":{"@id":"https:\/\/ehiabarcelona.es\/ca\/#organization"},"image":{"@id":"https:\/\/ehiabarcelona.es\/ca\/tecniques-de-relaxacio-per-a-lansietat-alleujament-efectiu-i-rapid\/#primaryimage"},"thumbnailUrl":"https:\/\/ehiabarcelona.es\/wp-content\/uploads\/2024\/07\/person-conducting-reiki-therapy-scaled.jpg","articleSection":["Ioga"],"inLanguage":"ca","potentialAction":[{"@type":"CommentAction","name":"Comment","target":["https:\/\/ehiabarcelona.es\/ca\/tecniques-de-relaxacio-per-a-lansietat-alleujament-efectiu-i-rapid\/#respond"]}]},{"@type":"WebPage","@id":"https:\/\/ehiabarcelona.es\/ca\/tecniques-de-relaxacio-per-a-lansietat-alleujament-efectiu-i-rapid\/","url":"https:\/\/ehiabarcelona.es\/ca\/tecniques-de-relaxacio-per-a-lansietat-alleujament-efectiu-i-rapid\/","name":"T\u00e8cniques de relaxaci\u00f3 per a l'ansietat - Ehi\u00e4 yoga y espacios","isPartOf":{"@id":"https:\/\/ehiabarcelona.es\/ca\/#website"},"primaryImageOfPage":{"@id":"https:\/\/ehiabarcelona.es\/ca\/tecniques-de-relaxacio-per-a-lansietat-alleujament-efectiu-i-rapid\/#primaryimage"},"image":{"@id":"https:\/\/ehiabarcelona.es\/ca\/tecniques-de-relaxacio-per-a-lansietat-alleujament-efectiu-i-rapid\/#primaryimage"},"thumbnailUrl":"https:\/\/ehiabarcelona.es\/wp-content\/uploads\/2024\/07\/person-conducting-reiki-therapy-scaled.jpg","datePublished":"2024-07-04T07:30:11+00:00","dateModified":"2026-03-10T09:03:08+00:00","description":"Alleuja l'estr\u00e8s amb aquestes t\u00e8cniques de relaxaci\u00f3 per a l'ansietat i connecta amb tu mateix i els altres.","breadcrumb":{"@id":"https:\/\/ehiabarcelona.es\/ca\/tecniques-de-relaxacio-per-a-lansietat-alleujament-efectiu-i-rapid\/#breadcrumb"},"inLanguage":"ca","potentialAction":[{"@type":"ReadAction","target":["https:\/\/ehiabarcelona.es\/ca\/tecniques-de-relaxacio-per-a-lansietat-alleujament-efectiu-i-rapid\/"]}]},{"@type":"ImageObject","inLanguage":"ca","@id":"https:\/\/ehiabarcelona.es\/ca\/tecniques-de-relaxacio-per-a-lansietat-alleujament-efectiu-i-rapid\/#primaryimage","url":"https:\/\/ehiabarcelona.es\/wp-content\/uploads\/2024\/07\/person-conducting-reiki-therapy-scaled.jpg","contentUrl":"https:\/\/ehiabarcelona.es\/wp-content\/uploads\/2024\/07\/person-conducting-reiki-therapy-scaled.jpg","width":2560,"height":1707,"caption":"T\u00e8cniques de relaxaci\u00f3 per a l'ansietat"},{"@type":"BreadcrumbList","@id":"https:\/\/ehiabarcelona.es\/ca\/tecniques-de-relaxacio-per-a-lansietat-alleujament-efectiu-i-rapid\/#breadcrumb","itemListElement":[{"@type":"ListItem","position":1,"name":"Ehia","item":"https:\/\/ehiabarcelona.es\/ca\/"},{"@type":"ListItem","position":2,"name":"Ioga","item":"https:\/\/ehiabarcelona.es\/ca\/categoria\/ioga\/"},{"@type":"ListItem","position":3,"name":"T\u00e8cniques de relaxaci\u00f3 per a l&#8217;ansietat"}]},{"@type":"WebSite","@id":"https:\/\/ehiabarcelona.es\/ca\/#website","url":"https:\/\/ehiabarcelona.es\/ca\/","name":"Ehi\u00e4 Yoga Barcelona","description":"Ehi\u00e4 Ioga, ter\u00e0pies i lloguer d&#039;espais a Barcelona.","publisher":{"@id":"https:\/\/ehiabarcelona.es\/ca\/#organization"},"alternateName":"Ehi\u00e4 Yoga y Espacios","potentialAction":[{"@type":"SearchAction","target":{"@type":"EntryPoint","urlTemplate":"https:\/\/ehiabarcelona.es\/ca\/?s={search_term_string}"},"query-input":{"@type":"PropertyValueSpecification","valueRequired":true,"valueName":"search_term_string"}}],"inLanguage":"ca"},{"@type":"Organization","@id":"https:\/\/ehiabarcelona.es\/ca\/#organization","name":"Ehi\u00e4 Yoga","alternateName":"Ehi\u00e4","url":"https:\/\/ehiabarcelona.es\/ca\/","logo":{"@type":"ImageObject","inLanguage":"ca","@id":"https:\/\/ehiabarcelona.es\/ca\/#\/schema\/logo\/image\/","url":"https:\/\/ehiabarcelona.es\/wp-content\/uploads\/2024\/01\/logo-marron.png","contentUrl":"https:\/\/ehiabarcelona.es\/wp-content\/uploads\/2024\/01\/logo-marron.png","width":801,"height":801,"caption":"Ehi\u00e4 Yoga"},"image":{"@id":"https:\/\/ehiabarcelona.es\/ca\/#\/schema\/logo\/image\/"},"sameAs":["https:\/\/www.instagram.com\/ehia.yoga\/"]},{"@type":"Person","@id":"https:\/\/ehiabarcelona.es\/ca\/#\/schema\/person\/d639a81e5336e6b882ab77865c98125e","name":"ehiadmin","image":{"@type":"ImageObject","inLanguage":"ca","@id":"https:\/\/ehiabarcelona.es\/ca\/#\/schema\/person\/image\/","url":"https:\/\/secure.gravatar.com\/avatar\/f5aa908148a92f4119d301776ea6383296350dd6d07cfc52e6d61fa04bae6930?s=96&d=mm&r=g","contentUrl":"https:\/\/secure.gravatar.com\/avatar\/f5aa908148a92f4119d301776ea6383296350dd6d07cfc52e6d61fa04bae6930?s=96&d=mm&r=g","caption":"ehiadmin"},"sameAs":["https:\/\/ehi.live-website.com"],"url":"https:\/\/ehiabarcelona.es\/ca\/author\/ehiadmin\/"}]}},"_links":{"self":[{"href":"https:\/\/ehiabarcelona.es\/ca\/wp-json\/wp\/v2\/posts\/4574","targetHints":{"allow":["GET"]}}],"collection":[{"href":"https:\/\/ehiabarcelona.es\/ca\/wp-json\/wp\/v2\/posts"}],"about":[{"href":"https:\/\/ehiabarcelona.es\/ca\/wp-json\/wp\/v2\/types\/post"}],"author":[{"embeddable":true,"href":"https:\/\/ehiabarcelona.es\/ca\/wp-json\/wp\/v2\/users\/1"}],"replies":[{"embeddable":true,"href":"https:\/\/ehiabarcelona.es\/ca\/wp-json\/wp\/v2\/comments?post=4574"}],"version-history":[{"count":5,"href":"https:\/\/ehiabarcelona.es\/ca\/wp-json\/wp\/v2\/posts\/4574\/revisions"}],"predecessor-version":[{"id":5984,"href":"https:\/\/ehiabarcelona.es\/ca\/wp-json\/wp\/v2\/posts\/4574\/revisions\/5984"}],"wp:featuredmedia":[{"embeddable":true,"href":"https:\/\/ehiabarcelona.es\/ca\/wp-json\/wp\/v2\/media\/4569"}],"wp:attachment":[{"href":"https:\/\/ehiabarcelona.es\/ca\/wp-json\/wp\/v2\/media?parent=4574"}],"wp:term":[{"taxonomy":"category","embeddable":true,"href":"https:\/\/ehiabarcelona.es\/ca\/wp-json\/wp\/v2\/categories?post=4574"},{"taxonomy":"post_tag","embeddable":true,"href":"https:\/\/ehiabarcelona.es\/ca\/wp-json\/wp\/v2\/tags?post=4574"}],"curies":[{"name":"wp","href":"https:\/\/api.w.org\/{rel}","templated":true}]}}